{"id":281,"date":"2025-08-18T06:31:36","date_gmt":"2025-08-18T06:31:36","guid":{"rendered":"https:\/\/vrblekingekusten.vattenorg.se\/?p=281"},"modified":"2025-08-18T06:31:36","modified_gmt":"2025-08-18T06:31:36","slug":"kallelse-till-arsmote-17-september","status":"publish","type":"post","link":"https:\/\/vrblekingekusten.vattenorg.se\/?p=281","title":{"rendered":"Kallelse till \u00c5rsm\u00f6te 17 september"},"content":{"rendered":"\n<figure class=\"wp-block-image size-full\"><img loading=\"lazy\" decoding=\"async\" width=\"800\" height=\"283\" src=\"https:\/\/vrblekingekusten.vattenorg.se\/wp-content\/uploads\/2025\/08\/VRBK.jpg\" alt=\"\" class=\"wp-image-282\" srcset=\"https:\/\/vrblekingekusten.vattenorg.se\/wp-content\/uploads\/2025\/08\/VRBK.jpg 800w, https:\/\/vrblekingekusten.vattenorg.se\/wp-content\/uploads\/2025\/08\/VRBK-300x106.jpg 300w, https:\/\/vrblekingekusten.vattenorg.se\/wp-content\/uploads\/2025\/08\/VRBK-768x272.jpg 768w, https:\/\/vrblekingekusten.vattenorg.se\/wp-content\/uploads\/2025\/08\/VRBK-660x233.jpg 660w\" sizes=\"auto, (max-width: 800px) 100vw, 800px\" \/><\/figure>\n\n\n\n<p>V\u00e4lkomna p\u00e5 \u00c5rsm\u00f6te&nbsp;f\u00f6r Vattenr\u00e5det f\u00f6r Blekingekusten<\/p>\n\n\n\n<p><strong>Tid<\/strong>&nbsp;17 september kl 18.00 -20.00<\/p>\n\n\n\n<p><strong>Plats<\/strong>&nbsp;Blekinge Arkipelag, Kallvattenkuren, Kurpromenaden 4, Ronneby<\/p>\n\n\n\n<p>Gamla och nya medlemmar \u00e4r varmt v\u00e4lkomna.<\/p>\n\n\n\n<p><strong>Program&nbsp;<\/strong><\/p>\n\n\n\n<p><strong>18.00&nbsp;<\/strong>\u00c5rsm\u00f6te Vattenr\u00e5det f\u00f6r Blekingekusten, gamla och nya medlemmar v\u00e4lkomna<\/p>\n\n\n\n<p><strong>18.30&nbsp;<\/strong>Kaffe och sm\u00f6rg\u00e5s<\/p>\n\n\n\n<p><strong>19.00&nbsp;<\/strong>Regeringsuppdraget om \u00e5tg\u00e4rder f\u00f6r att minska p\u00e5verkan av skarv och s\u00e4l, Daniel Ernstsson, Vilthandl\u00e4ggare, L\u00e4nsstyrelsen Blekinge<\/p>\n\n\n\n<p><strong><u>Anm\u00e4lan till yvonne.petterssonwalther@karlskrona.se<\/u><\/strong><\/p>\n\n\n\n<p>Varmt v\u00e4lkomna<\/p>\n\n\n\n<p>Yvonne Pettersson Walther<\/p>\n\n\n\n<p>Ordf\u00f6rande, Vattenr\u00e5det f\u00f6r Blekingekusten<\/p>\n","protected":false},"excerpt":{"rendered":"<p>V\u00e4lkomna p\u00e5 \u00c5rsm\u00f6te&nbsp;f\u00f6r Vattenr\u00e5det f\u00f6r Blekingekusten Tid&nbsp;17 september kl 18.00 -20.00 Plats&nbsp;Blekinge Arkipelag, Kallvattenkuren, Kurpromenaden 4, Ronneby Gamla och nya medlemmar \u00e4r varmt v\u00e4lkomna. Program&nbsp; 18.00&nbsp;\u00c5rsm\u00f6te Vattenr\u00e5det f\u00f6r Blekingekusten, gamla och nya medlemmar v\u00e4lkomna 18.30&nbsp;Kaffe och sm\u00f6rg\u00e5s 19.00&nbsp;Regeringsuppdraget om \u00e5tg\u00e4rder f\u00f6r att minska p\u00e5verkan av skarv och s\u00e4l, Daniel Ernstsson, Vilthandl\u00e4ggare, L\u00e4nsstyrelsen Blekinge Anm\u00e4lan till\u2026 <span class=\"read-more\"><a href=\"https:\/\/vrblekingekusten.vattenorg.se\/?p=281\">L\u00e4s mer &raquo;<\/a><\/span><\/p>\n","protected":false},"author":2,"featured_media":0,"comment_status":"closed","ping_status":"closed","sticky":false,"template":"","format":"standard","meta":{"footnotes":""},"categories":[3],"tags":[],"class_list":["post-281","post","type-post","status-publish","format-standard","hentry","category-moten"],"_links":{"self":[{"href":"https:\/\/vrblekingekusten.vattenorg.se\/index.php?rest_route=\/wp\/v2\/posts\/281","targetHints":{"allow":["GET"]}}],"collection":[{"href":"https:\/\/vrblekingekusten.vattenorg.se\/index.php?rest_route=\/wp\/v2\/posts"}],"about":[{"href":"https:\/\/vrblekingekusten.vattenorg.se\/index.php?rest_route=\/wp\/v2\/types\/post"}],"author":[{"embeddable":true,"href":"https:\/\/vrblekingekusten.vattenorg.se\/index.php?rest_route=\/wp\/v2\/users\/2"}],"replies":[{"embeddable":true,"href":"https:\/\/vrblekingekusten.vattenorg.se\/index.php?rest_route=%2Fwp%2Fv2%2Fcomments&post=281"}],"version-history":[{"count":1,"href":"https:\/\/vrblekingekusten.vattenorg.se\/index.php?rest_route=\/wp\/v2\/posts\/281\/revisions"}],"predecessor-version":[{"id":283,"href":"https:\/\/vrblekingekusten.vattenorg.se\/index.php?rest_route=\/wp\/v2\/posts\/281\/revisions\/283"}],"wp:attachment":[{"href":"https:\/\/vrblekingekusten.vattenorg.se\/index.php?rest_route=%2Fwp%2Fv2%2Fmedia&parent=281"}],"wp:term":[{"taxonomy":"category","embeddable":true,"href":"https:\/\/vrblekingekusten.vattenorg.se\/index.php?rest_route=%2Fwp%2Fv2%2Fcategories&post=281"},{"taxonomy":"post_tag","embeddable":true,"href":"https:\/\/vrblekingekusten.vattenorg.se\/index.php?rest_route=%2Fwp%2Fv2%2Ftags&post=281"}],"curies":[{"name":"wp","href":"https:\/\/api.w.org\/{rel}","templated":true}]}}